{"id":5789,"date":"2025-11-26T10:58:08","date_gmt":"2025-11-26T09:58:08","guid":{"rendered":"https:\/\/wir4joblounge.de\/?p=5789"},"modified":"2025-11-27T10:14:34","modified_gmt":"2025-11-27T09:14:34","slug":"premiere-der-wir4joblounge-ein-voller-erfolg-mit-rund-800-gaesten","status":"publish","type":"post","link":"https:\/\/wir4joblounge.de\/en\/2025\/11\/26\/premiere-der-wir4joblounge-ein-voller-erfolg-mit-rund-800-gaesten\/","title":{"rendered":"Premiere of the wir4JOBLOUNGE: A great success with around 800 guests"},"content":{"rendered":"\n<p>Am Donnerstag, den 13. November 2025, war es endlich so weit: Unsere erste <strong>wir4JOBLOUNGE<\/strong>&nbsp;\u00f6ffnete unter dem Motto&nbsp;<em>\u201eKarriere trifft Feierabend\u201c<\/em>&nbsp;ihre T\u00fcren \u2013 und wir k\u00f6nnten nicht gl\u00fccklicher \u00fcber den gelungenen Start sein. Gemeinsam mit der Agentur f\u00fcr Arbeit Wesel und dem Jobcenter des Kreises Wesel haben wir ein v\u00f6llig neues Messeformat in der Region auf die Beine gestellt, das rund&nbsp;<strong>800 Besucherinnen und Besucher<\/strong>&nbsp;begeistert hat.<\/p>\n\n\n\n<p><strong>Ein Abend voller Begegnungen<\/strong><\/p>\n\n\n\n<p>Von 16 bis 20 Uhr verwandelte sich das&nbsp;<strong>Lufre Event &amp; Gastronomie in Kamp-Lintfort<\/strong>&nbsp;in einen lebendigen Treffpunkt f\u00fcr Jobsuchende, R\u00fcckkehrende, Berufseinsteigende und Fachkr\u00e4fte aus der gesamten wir4-Region. Statt klassischer Messehallen erwartete die G\u00e4ste eine entspannte After-Work-Atmosph\u00e4re:&nbsp;<strong>Soul Food, Musik und k\u00fchle Getr\u00e4nke<\/strong>&nbsp;sorgten daf\u00fcr, dass Gespr\u00e4che auf Augenh\u00f6he entstehen konnten \u2013 ohne Hektik, ohne Barrieren, daf\u00fcr mit viel Zeit f\u00fcr echten Austausch.<\/p>\n\n\n\n<p><strong>Regionale Unternehmen im Mittelpunkt<\/strong><\/p>\n\n\n\n<p>Zahlreiche Arbeitgeber aus der Region waren vor Ort und pr\u00e4sentierten ihre Ausbildungs-, Einstiegs- und Karriereangebote. Viele Unternehmen zeigten sich beeindruckt von der Vielfalt des Publikums und dem frischen Charakter des Formats. Genau das war unser Ziel: einen Raum zu schaffen, in dem Menschen und Unternehmen unkompliziert miteinander ins Gespr\u00e4ch kommen.<\/p>\n\n\n\n<p><strong>Positive Resonanz best\u00e4tigt unser Konzept<\/strong><\/p>\n\n\n\n<p>Die R\u00fcckmeldungen der Besucherinnen und Besucher h\u00e4tten kaum besser ausfallen k\u00f6nnen. Sie lobten die offene Atmosph\u00e4re, den leichten Zugang zu Unternehmen und den modernen Charakter der Veranstaltung. F\u00fcr uns ist das ein klares Signal, dass wir mit der wir4JOBLOUNGE den Puls der Zeit getroffen haben.<\/p>\n\n\n\n<p>Unsere Projektleiterin Michelle Puiskens bringt es auf den Punkt:<br><em>\u201eWir wollten ein Format schaffen, in dem sich Menschen und Unternehmen auf Augenh\u00f6he begegnen \u2013 und genau das ist gelungen.\u201c<\/em><\/p>\n\n\n\n<p><strong>Wie geht es weiter?<\/strong><\/p>\n\n\n\n<p>Motiviert von der starken Resonanz und dem positiven Feedback arbeiten wir bereits daran, die wir4JOBLOUNGE weiterzuentwickeln. Eines steht fest: Dieses Format hat Zukunft \u2013 und wir freuen uns darauf, es erneut in die Region zu bringen.<\/p>\n\n\n\n<p>Wir sagen Danke an alle Teilnehmenden, Partner und Unterst\u00fctzer. Und wir freuen uns schon jetzt auf die n\u00e4chste wir4JOBLOUNGE!<\/p>\n\n\n\n<figure class=\"wp-block-embed is-type-video is-provider-vimeo wp-block-embed-vimeo wp-embed-aspect-16-9 wp-has-aspect-ratio\"><div class=\"wp-block-embed__wrapper\">\n<iframe title=\"Das war die Premiere der wir4JOBLOUNGE\" src=\"https:\/\/player.vimeo.com\/video\/1140357896?dnt=1&amp;app_id=122963\" width=\"800\" height=\"450\" frameborder=\"0\" allow=\"autoplay; fullscreen; picture-in-picture; clipboard-write; encrypted-media; web-share\" referrerpolicy=\"strict-origin-when-cross-origin\"><\/iframe>\n<\/div><\/figure>\n\n\n\n<p>\u00a9 J\u00fcrgen Salzmann \/ Die Musik in diesem Video ist urheberrechtlich gesch\u00fctzt und wird mit Genehmigung von [Mike Kirin\/Artlist] verwendet. Alle Rechte an der Musik liegen bei \u201eArtlist&#8220;.<\/p>\n","protected":false},"excerpt":{"rendered":"<p>Am Donnerstag, den 13. November 2025, war es endlich so weit<\/p>","protected":false},"author":5,"featured_media":5362,"comment_status":"closed","ping_status":"closed","sticky":false,"template":"","format":"standard","meta":{"footnotes":""},"categories":[1],"tags":[124,140,141,139,142],"class_list":["post-5789","post","type-post","status-publish","format-standard","has-post-thumbnail","hentry","category-allgemein","tag-fachkraeftesicherung","tag-jobmesse","tag-kamp-lintfort","tag-lufre","tag-wir4joblounge"],"_links":{"self":[{"href":"https:\/\/wir4joblounge.de\/en\/wp-json\/wp\/v2\/posts\/5789","targetHints":{"allow":["GET"]}}],"collection":[{"href":"https:\/\/wir4joblounge.de\/en\/wp-json\/wp\/v2\/posts"}],"about":[{"href":"https:\/\/wir4joblounge.de\/en\/wp-json\/wp\/v2\/types\/post"}],"author":[{"embeddable":true,"href":"https:\/\/wir4joblounge.de\/en\/wp-json\/wp\/v2\/users\/5"}],"replies":[{"embeddable":true,"href":"https:\/\/wir4joblounge.de\/en\/wp-json\/wp\/v2\/comments?post=5789"}],"version-history":[{"count":28,"href":"https:\/\/wir4joblounge.de\/en\/wp-json\/wp\/v2\/posts\/5789\/revisions"}],"predecessor-version":[{"id":5821,"href":"https:\/\/wir4joblounge.de\/en\/wp-json\/wp\/v2\/posts\/5789\/revisions\/5821"}],"wp:featuredmedia":[{"embeddable":true,"href":"https:\/\/wir4joblounge.de\/en\/wp-json\/wp\/v2\/media\/5362"}],"wp:attachment":[{"href":"https:\/\/wir4joblounge.de\/en\/wp-json\/wp\/v2\/media?parent=5789"}],"wp:term":[{"taxonomy":"category","embeddable":true,"href":"https:\/\/wir4joblounge.de\/en\/wp-json\/wp\/v2\/categories?post=5789"},{"taxonomy":"post_tag","embeddable":true,"href":"https:\/\/wir4joblounge.de\/en\/wp-json\/wp\/v2\/tags?post=5789"}],"curies":[{"name":"wp","href":"https:\/\/api.w.org\/{rel}","templated":true}]}}